{"id":5020,"date":"2021-10-06T12:55:07","date_gmt":"2021-10-06T12:55:07","guid":{"rendered":"https:\/\/usa.mirex.local\/consular\/new-york\/?p=5020"},"modified":"2022-10-03T19:23:29","modified_gmt":"2022-10-03T19:23:29","slug":"primera-noticia","status":"publish","type":"post","link":"https:\/\/mex.mirex.gob.do\/consular\/mexico\/primera-noticia\/","title":{"rendered":"Designan c\u00f3nsul en M\u00e9xico al excongresista y exgobernador puertoplate\u00f1o Tommy Dur\u00e1n"},"content":{"rendered":"<p><strong>PUERTO PLATA. &#8211;<\/strong> El exgobernador provincial de Puerto Plata, Tom\u00e1s Emilio Dur\u00e1n Garden (Tommy), fue designado c\u00f3nsul general de la Rep\u00fablica Dominicana en M\u00e9xico.<\/p>\n<p>Dur\u00e1n fue nombrado en esa posici\u00f3n diplom\u00e1tica por el presidente de la Rep\u00fablica, Luis Abinader, mediante el decreto No. 574-20, emitido el lunes por el Poder Ejecutivo.<\/p>\n<p>La designaci\u00f3n del abogado y reconocido dirigente pol\u00edtico puertoplate\u00f1o quien ser\u00e1 dignatario dominicano en los Estados Unidos Mexicanos (M\u00e9xico), ha sido resaltada por las bases del oficialista Partido Revolucionario Moderno (PRM).<\/p>\n<p>Se recuerda que en el 2000 fue designado por el entonces presidente Hip\u00f3lito Mej\u00eda como gobernador civil de Puerto Plata, posici\u00f3n en la cual permaneci\u00f3 dos a\u00f1os hasta ser electo senador por esta provincia atl\u00e1ntica.<\/p>\n<p>Tommy Dur\u00e1n ha tenido una dilatada trayectoria pol\u00edtica en Puerto Plata, donde ocup\u00f3 por varios a\u00f1os la m\u00e1xima direcci\u00f3n del otrora poderoso Partido Revolucionario Dominicano (PRD).<\/p>\n","protected":false},"excerpt":{"rendered":"<p>PUERTO PLATA. &#8211; El exgobernador provincial de Puerto Plata, Tom\u00e1s Emilio Dur\u00e1n Garden (Tommy), fue designado c\u00f3nsul general de la Rep\u00fablica Dominicana en M\u00e9xico. Dur\u00e1n fue nombrado en esa posici\u00f3n diplom\u00e1tica por el presidente de la Rep\u00fablica, Luis Abinader, mediante el decreto No. 574-20, emitido el lunes por el Poder Ejecutivo. La designaci\u00f3n del abogado [&hellip;]<\/p>\n","protected":false},"author":3,"featured_media":6116,"comment_status":"closed","ping_status":"open","sticky":false,"template":"elementor_theme","format":"standard","meta":{"site-sidebar-layout":"default","site-content-layout":"default","ast-site-content-layout":"default","site-content-style":"default","site-sidebar-style":"default","ast-global-header-display":"","ast-banner-title-visibility":"","ast-main-header-display":"","ast-hfb-above-header-display":"","ast-hfb-below-header-display":"","ast-hfb-mobile-header-display":"","site-post-title":"","ast-breadcrumbs-content":"","ast-featured-img":"","footer-sml-layout":"","ast-disable-related-posts":"","theme-transparent-header-meta":"default","adv-header-id-meta":"","stick-header-meta":"","header-above-stick-meta":"","header-main-stick-meta":"","header-below-stick-meta":"","astra-migrate-meta-layouts":"default","ast-page-background-enabled":"default","ast-page-background-meta":{"desktop":{"background-color":"","background-image":"","background-repeat":"repeat","background-position":"center center","background-size":"auto","background-attachment":"scroll","background-type":"","background-media":"","overlay-type":"","overlay-color":"","overlay-opacity":"","overlay-gradient":""},"tablet":{"background-color":"","background-image":"","background-repeat":"repeat","background-position":"center center","background-size":"auto","background-attachment":"scroll","background-type":"","background-media":"","overlay-type":"","overlay-color":"","overlay-opacity":"","overlay-gradient":""},"mobile":{"background-color":"","background-image":"","background-repeat":"repeat","background-position":"center center","background-size":"auto","background-attachment":"scroll","background-type":"","background-media":"","overlay-type":"","overlay-color":"","overlay-opacity":"","overlay-gradient":""}},"ast-content-background-meta":{"desktop":{"background-color":"var(--ast-global-color-5)","background-image":"","background-repeat":"repeat","background-position":"center center","background-size":"auto","background-attachment":"scroll","background-type":"","background-media":"","overlay-type":"","overlay-color":"","overlay-opacity":"","overlay-gradient":""},"tablet":{"background-color":"var(--ast-global-color-5)","background-image":"","background-repeat":"repeat","background-position":"center center","background-size":"auto","background-attachment":"scroll","background-type":"","background-media":"","overlay-type":"","overlay-color":"","overlay-opacity":"","overlay-gradient":""},"mobile":{"background-color":"var(--ast-global-color-5)","background-image":"","background-repeat":"repeat","background-position":"center center","background-size":"auto","background-attachment":"scroll","background-type":"","background-media":"","overlay-type":"","overlay-color":"","overlay-opacity":"","overlay-gradient":""}},"footnotes":""},"categories":[5],"tags":[],"class_list":["post-5020","post","type-post","status-publish","format-standard","has-post-thumbnail","hentry","category-noticias"],"_links":{"self":[{"href":"https:\/\/mex.mirex.gob.do\/consular\/mexico\/wp-json\/wp\/v2\/posts\/5020","targetHints":{"allow":["GET"]}}],"collection":[{"href":"https:\/\/mex.mirex.gob.do\/consular\/mexico\/wp-json\/wp\/v2\/posts"}],"about":[{"href":"https:\/\/mex.mirex.gob.do\/consular\/mexico\/wp-json\/wp\/v2\/types\/post"}],"author":[{"embeddable":true,"href":"https:\/\/mex.mirex.gob.do\/consular\/mexico\/wp-json\/wp\/v2\/users\/3"}],"replies":[{"embeddable":true,"href":"https:\/\/mex.mirex.gob.do\/consular\/mexico\/wp-json\/wp\/v2\/comments?post=5020"}],"version-history":[{"count":22,"href":"https:\/\/mex.mirex.gob.do\/consular\/mexico\/wp-json\/wp\/v2\/posts\/5020\/revisions"}],"predecessor-version":[{"id":6119,"href":"https:\/\/mex.mirex.gob.do\/consular\/mexico\/wp-json\/wp\/v2\/posts\/5020\/revisions\/6119"}],"wp:featuredmedia":[{"embeddable":true,"href":"https:\/\/mex.mirex.gob.do\/consular\/mexico\/wp-json\/wp\/v2\/media\/6116"}],"wp:attachment":[{"href":"https:\/\/mex.mirex.gob.do\/consular\/mexico\/wp-json\/wp\/v2\/media?parent=5020"}],"wp:term":[{"taxonomy":"category","embeddable":true,"href":"https:\/\/mex.mirex.gob.do\/consular\/mexico\/wp-json\/wp\/v2\/categories?post=5020"},{"taxonomy":"post_tag","embeddable":true,"href":"https:\/\/mex.mirex.gob.do\/consular\/mexico\/wp-json\/wp\/v2\/tags?post=5020"}],"curies":[{"name":"wp","href":"https:\/\/api.w.org\/{rel}","templated":true}]}}